{"id":4658,"date":"2020-11-04T06:44:03","date_gmt":"2020-11-04T06:44:03","guid":{"rendered":"https:\/\/docu-world.com\/?p=4658"},"modified":"2020-11-04T06:46:18","modified_gmt":"2020-11-04T06:46:18","slug":"formacion-navarra-de-etiquetajes-zebra-dacom","status":"publish","type":"post","link":"https:\/\/docu-world.com\/en\/formacion-navarra-de-etiquetajes-zebra-dacom\/","title":{"rendered":"Jornada de formaci\u00f3n para Navarra de Etiquetajes con Zebra y Dacom"},"content":{"rendered":"<p><img decoding=\"async\" class=\"alignnone size-large wp-image-4659\" src=\"https:\/\/docu-world.com\/wp-content\/uploads\/2020\/11\/Captura_Formacion_ZEBRA-1024x645.jpg\" alt=\"\" width=\"1024\" height=\"645\" srcset=\"https:\/\/docu-world.com\/wp-content\/uploads\/2020\/11\/Captura_Formacion_ZEBRA-200x126.jpg 200w, https:\/\/docu-world.com\/wp-content\/uploads\/2020\/11\/Captura_Formacion_ZEBRA-300x189.jpg 300w, https:\/\/docu-world.com\/wp-content\/uploads\/2020\/11\/Captura_Formacion_ZEBRA-320x202.jpg 320w, https:\/\/docu-world.com\/wp-content\/uploads\/2020\/11\/Captura_Formacion_ZEBRA-400x252.jpg 400w, https:\/\/docu-world.com\/wp-content\/uploads\/2020\/11\/Captura_Formacion_ZEBRA-600x378.jpg 600w, https:\/\/docu-world.com\/wp-content\/uploads\/2020\/11\/Captura_Formacion_ZEBRA-700x441.jpg 700w, https:\/\/docu-world.com\/wp-content\/uploads\/2020\/11\/Captura_Formacion_ZEBRA-768x484.jpg 768w, https:\/\/docu-world.com\/wp-content\/uploads\/2020\/11\/Captura_Formacion_ZEBRA-800x504.jpg 800w, https:\/\/docu-world.com\/wp-content\/uploads\/2020\/11\/Captura_Formacion_ZEBRA-1024x645.jpg 1024w, https:\/\/docu-world.com\/wp-content\/uploads\/2020\/11\/Captura_Formacion_ZEBRA-1200x756.jpg 1200w, https:\/\/docu-world.com\/wp-content\/uploads\/2020\/11\/Captura_Formacion_ZEBRA.jpg 1524w\" sizes=\"(max-width: 1024px) 100vw, 1024px\" \/><\/p>\n<p>El equipo comercial de <a href=\"http:\/\/www.etiquetasnde.com\/\" target=\"_blank\" rel=\"noopener noreferrer\"><strong>Navarra de Etiquetajes (NDE) <\/strong><\/a>recibi\u00f3 hace unos d\u00edas una sesi\u00f3n de formaci\u00f3n <em>on line<\/em> de parte de las empresas<strong> Zebra y Dacom<\/strong>, cuyos representantes, apoyados en la web de Zebra, repasaron cu\u00e1les son los nuevos dispositivos que ofrecen y a qu\u00e9 sectores est\u00e1n dirigidos. Particip\u00f3 una decena de personas de las tres firmas.<\/p>\n<p>Tal y como recuerda<strong> Ricardo Gonz\u00e1lez<\/strong>, Director de Desarrollo de Negocio, parte de los productos que NDE comercializa, m\u00e1s all\u00e1 de las etiquetas de fabricaci\u00f3n propia, tiene que ver con los <strong>consumibles y dispositivos con que las empresas demandantes pueden personalizar sus etiquetas.<\/strong><\/p>\n<blockquote><p><strong>&#8220;La idea es ofrecer un servicio integral al cliente en todo lo relacionado con la etiqueta y solucionarle el proceso completo&#8221;. <\/strong>&#8211; A\u00f1adi\u00f3 Gonz\u00e1lez insistiendo en el concepto del asesoramiento.<\/p><\/blockquote>\n<p>El trabajo con las empresas Zebra, fabricante de impresoras de etiquetas y material similar, y con el distribuidor Dacom, viene de mucho tiempo atr\u00e1s. De hecho <strong>con Zebra se ha trabajado intensamente en el \u00e1mbito hospitalario<\/strong><\/p>\n<div>\n<p>En lo que se refiere al encuentro, que fue telem\u00e1tico, responde a la adaptaci\u00f3n de la empresa NDE a la situaci\u00f3n de pandemia. El equipo de la firma, al igual que el del resto de las empresas de Docuworld, celebra ahora las reuniones con distancias y gracias a la tecnolog\u00eda en un formato que parece que ha llegado para quedarse.<\/p>\n<\/div>\n","protected":false},"excerpt":{"rendered":"<p>El equipo comercial de Navarra de Etiquetajes (NDE) recibi\u00f3 hace<\/p>\n","protected":false},"author":1,"featured_media":4659,"comment_status":"open","ping_status":"open","sticky":false,"template":"","format":"standard","meta":{"footnotes":""},"categories":[99],"tags":[],"class_list":["post-4658","post","type-post","status-publish","format-standard","has-post-thumbnail","hentry","category-etiquetas-de-navarra"],"yoast_head":"<!-- This site is optimized with the Yoast SEO plugin v27.1.1 - https:\/\/yoast.com\/product\/yoast-seo-wordpress\/ -->\n<title>Jornada de formaci\u00f3n para Navarra de Etiquetajes con Zebra y Dacom - Docuworld<\/title>\n<meta name=\"robots\" content=\"index, follow, max-snippet:-1, max-image-preview:large, max-video-preview:-1\" \/>\n<link rel=\"canonical\" href=\"https:\/\/docu-world.com\/formacion-navarra-de-etiquetajes-zebra-dacom\/\" \/>\n<meta property=\"og:locale\" content=\"en_US\" \/>\n<meta property=\"og:type\" content=\"article\" \/>\n<meta property=\"og:title\" content=\"Jornada de formaci\u00f3n para Navarra de Etiquetajes con Zebra y Dacom - Docuworld\" \/>\n<meta property=\"og:description\" content=\"El equipo comercial de Navarra de Etiquetajes (NDE) recibi\u00f3 hace\" \/>\n<meta property=\"og:url\" content=\"https:\/\/docu-world.com\/formacion-navarra-de-etiquetajes-zebra-dacom\/\" \/>\n<meta property=\"og:site_name\" content=\"Docuworld\" \/>\n<meta property=\"article:published_time\" content=\"2020-11-04T06:44:03+00:00\" \/>\n<meta property=\"article:modified_time\" content=\"2020-11-04T06:46:18+00:00\" \/>\n<meta property=\"og:image\" content=\"https:\/\/docu-world.com\/wp-content\/uploads\/2020\/11\/Captura_Formacion_ZEBRA.jpg\" \/>\n\t<meta property=\"og:image:width\" content=\"1524\" \/>\n\t<meta property=\"og:image:height\" content=\"960\" \/>\n\t<meta property=\"og:image:type\" content=\"image\/jpeg\" \/>\n<meta name=\"author\" content=\"admin132\" \/>\n<meta name=\"twitter:card\" content=\"summary_large_image\" \/>\n<meta name=\"twitter:label1\" content=\"Written by\" \/>\n\t<meta name=\"twitter:data1\" content=\"admin132\" \/>\n\t<meta name=\"twitter:label2\" content=\"Est. reading time\" \/>\n\t<meta name=\"twitter:data2\" content=\"1 minute\" \/>\n<script type=\"application\/ld+json\" class=\"yoast-schema-graph\">{\"@context\":\"https:\/\/schema.org\",\"@graph\":[{\"@type\":\"Article\",\"@id\":\"https:\/\/docu-world.com\/formacion-navarra-de-etiquetajes-zebra-dacom\/#article\",\"isPartOf\":{\"@id\":\"https:\/\/docu-world.com\/formacion-navarra-de-etiquetajes-zebra-dacom\/\"},\"author\":{\"name\":\"admin132\",\"@id\":\"https:\/\/docu-world.com\/#\/schema\/person\/99f14958bd4992f16e625f72e59bbf30\"},\"headline\":\"Jornada de formaci\u00f3n para Navarra de Etiquetajes con Zebra y Dacom\",\"datePublished\":\"2020-11-04T06:44:03+00:00\",\"dateModified\":\"2020-11-04T06:46:18+00:00\",\"mainEntityOfPage\":{\"@id\":\"https:\/\/docu-world.com\/formacion-navarra-de-etiquetajes-zebra-dacom\/\"},\"wordCount\":253,\"commentCount\":0,\"image\":{\"@id\":\"https:\/\/docu-world.com\/formacion-navarra-de-etiquetajes-zebra-dacom\/#primaryimage\"},\"thumbnailUrl\":\"https:\/\/docu-world.com\/wp-content\/uploads\/2020\/11\/Captura_Formacion_ZEBRA.jpg\",\"articleSection\":[\"Navarra de Etiquetajes\"],\"inLanguage\":\"en-US\",\"potentialAction\":[{\"@type\":\"CommentAction\",\"name\":\"Comment\",\"target\":[\"https:\/\/docu-world.com\/formacion-navarra-de-etiquetajes-zebra-dacom\/#respond\"]}]},{\"@type\":\"WebPage\",\"@id\":\"https:\/\/docu-world.com\/formacion-navarra-de-etiquetajes-zebra-dacom\/\",\"url\":\"https:\/\/docu-world.com\/formacion-navarra-de-etiquetajes-zebra-dacom\/\",\"name\":\"Jornada de formaci\u00f3n para Navarra de Etiquetajes con Zebra y Dacom - Docuworld\",\"isPartOf\":{\"@id\":\"https:\/\/docu-world.com\/#website\"},\"primaryImageOfPage\":{\"@id\":\"https:\/\/docu-world.com\/formacion-navarra-de-etiquetajes-zebra-dacom\/#primaryimage\"},\"image\":{\"@id\":\"https:\/\/docu-world.com\/formacion-navarra-de-etiquetajes-zebra-dacom\/#primaryimage\"},\"thumbnailUrl\":\"https:\/\/docu-world.com\/wp-content\/uploads\/2020\/11\/Captura_Formacion_ZEBRA.jpg\",\"datePublished\":\"2020-11-04T06:44:03+00:00\",\"dateModified\":\"2020-11-04T06:46:18+00:00\",\"author\":{\"@id\":\"https:\/\/docu-world.com\/#\/schema\/person\/99f14958bd4992f16e625f72e59bbf30\"},\"breadcrumb\":{\"@id\":\"https:\/\/docu-world.com\/formacion-navarra-de-etiquetajes-zebra-dacom\/#breadcrumb\"},\"inLanguage\":\"en-US\",\"potentialAction\":[{\"@type\":\"ReadAction\",\"target\":[\"https:\/\/docu-world.com\/formacion-navarra-de-etiquetajes-zebra-dacom\/\"]}]},{\"@type\":\"ImageObject\",\"inLanguage\":\"en-US\",\"@id\":\"https:\/\/docu-world.com\/formacion-navarra-de-etiquetajes-zebra-dacom\/#primaryimage\",\"url\":\"https:\/\/docu-world.com\/wp-content\/uploads\/2020\/11\/Captura_Formacion_ZEBRA.jpg\",\"contentUrl\":\"https:\/\/docu-world.com\/wp-content\/uploads\/2020\/11\/Captura_Formacion_ZEBRA.jpg\",\"width\":1524,\"height\":960},{\"@type\":\"BreadcrumbList\",\"@id\":\"https:\/\/docu-world.com\/formacion-navarra-de-etiquetajes-zebra-dacom\/#breadcrumb\",\"itemListElement\":[{\"@type\":\"ListItem\",\"position\":1,\"name\":\"Portada\",\"item\":\"https:\/\/docu-world.com\/en\/\"},{\"@type\":\"ListItem\",\"position\":2,\"name\":\"Jornada de formaci\u00f3n para Navarra de Etiquetajes con Zebra y Dacom\"}]},{\"@type\":\"WebSite\",\"@id\":\"https:\/\/docu-world.com\/#website\",\"url\":\"https:\/\/docu-world.com\/\",\"name\":\"Docuworld\",\"description\":\"Comunicaci\u00f3n e imagen en continuo crecimiento\",\"potentialAction\":[{\"@type\":\"SearchAction\",\"target\":{\"@type\":\"EntryPoint\",\"urlTemplate\":\"https:\/\/docu-world.com\/?s={search_term_string}\"},\"query-input\":{\"@type\":\"PropertyValueSpecification\",\"valueRequired\":true,\"valueName\":\"search_term_string\"}}],\"inLanguage\":\"en-US\"},{\"@type\":\"Person\",\"@id\":\"https:\/\/docu-world.com\/#\/schema\/person\/99f14958bd4992f16e625f72e59bbf30\",\"name\":\"admin132\",\"image\":{\"@type\":\"ImageObject\",\"inLanguage\":\"en-US\",\"@id\":\"https:\/\/docu-world.com\/#\/schema\/person\/image\/\",\"url\":\"https:\/\/secure.gravatar.com\/avatar\/dfe4e9c6f221995ae829db669bdbc165bc2b0182560d3f3fd6c1195fc11a6fd4?s=96&d=mm&r=g\",\"contentUrl\":\"https:\/\/secure.gravatar.com\/avatar\/dfe4e9c6f221995ae829db669bdbc165bc2b0182560d3f3fd6c1195fc11a6fd4?s=96&d=mm&r=g\",\"caption\":\"admin132\"},\"url\":\"https:\/\/docu-world.com\/en\/author\/admin132\/\"}]}<\/script>\n<!-- \/ Yoast SEO plugin. -->","yoast_head_json":{"title":"Jornada de formaci\u00f3n para Navarra de Etiquetajes con Zebra y Dacom - Docuworld","robots":{"index":"index","follow":"follow","max-snippet":"max-snippet:-1","max-image-preview":"max-image-preview:large","max-video-preview":"max-video-preview:-1"},"canonical":"https:\/\/docu-world.com\/formacion-navarra-de-etiquetajes-zebra-dacom\/","og_locale":"en_US","og_type":"article","og_title":"Jornada de formaci\u00f3n para Navarra de Etiquetajes con Zebra y Dacom - Docuworld","og_description":"El equipo comercial de Navarra de Etiquetajes (NDE) recibi\u00f3 hace","og_url":"https:\/\/docu-world.com\/formacion-navarra-de-etiquetajes-zebra-dacom\/","og_site_name":"Docuworld","article_published_time":"2020-11-04T06:44:03+00:00","article_modified_time":"2020-11-04T06:46:18+00:00","og_image":[{"width":1524,"height":960,"url":"https:\/\/docu-world.com\/wp-content\/uploads\/2020\/11\/Captura_Formacion_ZEBRA.jpg","type":"image\/jpeg"}],"author":"admin132","twitter_card":"summary_large_image","twitter_misc":{"Written by":"admin132","Est. reading time":"1 minute"},"schema":{"@context":"https:\/\/schema.org","@graph":[{"@type":"Article","@id":"https:\/\/docu-world.com\/formacion-navarra-de-etiquetajes-zebra-dacom\/#article","isPartOf":{"@id":"https:\/\/docu-world.com\/formacion-navarra-de-etiquetajes-zebra-dacom\/"},"author":{"name":"admin132","@id":"https:\/\/docu-world.com\/#\/schema\/person\/99f14958bd4992f16e625f72e59bbf30"},"headline":"Jornada de formaci\u00f3n para Navarra de Etiquetajes con Zebra y Dacom","datePublished":"2020-11-04T06:44:03+00:00","dateModified":"2020-11-04T06:46:18+00:00","mainEntityOfPage":{"@id":"https:\/\/docu-world.com\/formacion-navarra-de-etiquetajes-zebra-dacom\/"},"wordCount":253,"commentCount":0,"image":{"@id":"https:\/\/docu-world.com\/formacion-navarra-de-etiquetajes-zebra-dacom\/#primaryimage"},"thumbnailUrl":"https:\/\/docu-world.com\/wp-content\/uploads\/2020\/11\/Captura_Formacion_ZEBRA.jpg","articleSection":["Navarra de Etiquetajes"],"inLanguage":"en-US","potentialAction":[{"@type":"CommentAction","name":"Comment","target":["https:\/\/docu-world.com\/formacion-navarra-de-etiquetajes-zebra-dacom\/#respond"]}]},{"@type":"WebPage","@id":"https:\/\/docu-world.com\/formacion-navarra-de-etiquetajes-zebra-dacom\/","url":"https:\/\/docu-world.com\/formacion-navarra-de-etiquetajes-zebra-dacom\/","name":"Jornada de formaci\u00f3n para Navarra de Etiquetajes con Zebra y Dacom - Docuworld","isPartOf":{"@id":"https:\/\/docu-world.com\/#website"},"primaryImageOfPage":{"@id":"https:\/\/docu-world.com\/formacion-navarra-de-etiquetajes-zebra-dacom\/#primaryimage"},"image":{"@id":"https:\/\/docu-world.com\/formacion-navarra-de-etiquetajes-zebra-dacom\/#primaryimage"},"thumbnailUrl":"https:\/\/docu-world.com\/wp-content\/uploads\/2020\/11\/Captura_Formacion_ZEBRA.jpg","datePublished":"2020-11-04T06:44:03+00:00","dateModified":"2020-11-04T06:46:18+00:00","author":{"@id":"https:\/\/docu-world.com\/#\/schema\/person\/99f14958bd4992f16e625f72e59bbf30"},"breadcrumb":{"@id":"https:\/\/docu-world.com\/formacion-navarra-de-etiquetajes-zebra-dacom\/#breadcrumb"},"inLanguage":"en-US","potentialAction":[{"@type":"ReadAction","target":["https:\/\/docu-world.com\/formacion-navarra-de-etiquetajes-zebra-dacom\/"]}]},{"@type":"ImageObject","inLanguage":"en-US","@id":"https:\/\/docu-world.com\/formacion-navarra-de-etiquetajes-zebra-dacom\/#primaryimage","url":"https:\/\/docu-world.com\/wp-content\/uploads\/2020\/11\/Captura_Formacion_ZEBRA.jpg","contentUrl":"https:\/\/docu-world.com\/wp-content\/uploads\/2020\/11\/Captura_Formacion_ZEBRA.jpg","width":1524,"height":960},{"@type":"BreadcrumbList","@id":"https:\/\/docu-world.com\/formacion-navarra-de-etiquetajes-zebra-dacom\/#breadcrumb","itemListElement":[{"@type":"ListItem","position":1,"name":"Portada","item":"https:\/\/docu-world.com\/en\/"},{"@type":"ListItem","position":2,"name":"Jornada de formaci\u00f3n para Navarra de Etiquetajes con Zebra y Dacom"}]},{"@type":"WebSite","@id":"https:\/\/docu-world.com\/#website","url":"https:\/\/docu-world.com\/","name":"Docuworld","description":"Comunicaci\u00f3n e imagen en continuo crecimiento","potentialAction":[{"@type":"SearchAction","target":{"@type":"EntryPoint","urlTemplate":"https:\/\/docu-world.com\/?s={search_term_string}"},"query-input":{"@type":"PropertyValueSpecification","valueRequired":true,"valueName":"search_term_string"}}],"inLanguage":"en-US"},{"@type":"Person","@id":"https:\/\/docu-world.com\/#\/schema\/person\/99f14958bd4992f16e625f72e59bbf30","name":"admin132","image":{"@type":"ImageObject","inLanguage":"en-US","@id":"https:\/\/docu-world.com\/#\/schema\/person\/image\/","url":"https:\/\/secure.gravatar.com\/avatar\/dfe4e9c6f221995ae829db669bdbc165bc2b0182560d3f3fd6c1195fc11a6fd4?s=96&d=mm&r=g","contentUrl":"https:\/\/secure.gravatar.com\/avatar\/dfe4e9c6f221995ae829db669bdbc165bc2b0182560d3f3fd6c1195fc11a6fd4?s=96&d=mm&r=g","caption":"admin132"},"url":"https:\/\/docu-world.com\/en\/author\/admin132\/"}]}},"_links":{"self":[{"href":"https:\/\/docu-world.com\/en\/wp-json\/wp\/v2\/posts\/4658","targetHints":{"allow":["GET"]}}],"collection":[{"href":"https:\/\/docu-world.com\/en\/wp-json\/wp\/v2\/posts"}],"about":[{"href":"https:\/\/docu-world.com\/en\/wp-json\/wp\/v2\/types\/post"}],"author":[{"embeddable":true,"href":"https:\/\/docu-world.com\/en\/wp-json\/wp\/v2\/users\/1"}],"replies":[{"embeddable":true,"href":"https:\/\/docu-world.com\/en\/wp-json\/wp\/v2\/comments?post=4658"}],"version-history":[{"count":2,"href":"https:\/\/docu-world.com\/en\/wp-json\/wp\/v2\/posts\/4658\/revisions"}],"predecessor-version":[{"id":4663,"href":"https:\/\/docu-world.com\/en\/wp-json\/wp\/v2\/posts\/4658\/revisions\/4663"}],"wp:featuredmedia":[{"embeddable":true,"href":"https:\/\/docu-world.com\/en\/wp-json\/wp\/v2\/media\/4659"}],"wp:attachment":[{"href":"https:\/\/docu-world.com\/en\/wp-json\/wp\/v2\/media?parent=4658"}],"wp:term":[{"taxonomy":"category","embeddable":true,"href":"https:\/\/docu-world.com\/en\/wp-json\/wp\/v2\/categories?post=4658"},{"taxonomy":"post_tag","embeddable":true,"href":"https:\/\/docu-world.com\/en\/wp-json\/wp\/v2\/tags?post=4658"}],"curies":[{"name":"wp","href":"https:\/\/api.w.org\/{rel}","templated":true}]}}