{"id":19769,"date":"2024-09-12T06:56:46","date_gmt":"2024-09-12T06:56:46","guid":{"rendered":"https:\/\/docu-world.com\/?p=19769"},"modified":"2024-09-12T07:10:23","modified_gmt":"2024-09-12T07:10:23","slug":"navarra-de-etiquetajes-logra-de-nuevo-la-qaifec-para-este-2024","status":"publish","type":"post","link":"https:\/\/docu-world.com\/en\/navarra-de-etiquetajes-logra-de-nuevo-la-qaifec-para-este-2024\/","title":{"rendered":"NAVARRA DE ETIQUETAJES LOGRA DE NUEVO LA QAIFEC PARA ESTE 2024"},"content":{"rendered":"<p>NDE, Navarra de Etiquetajes es reconocida por 2\u00ba a\u00f1o consecutivo con el Certificado <a href=\"https:\/\/docu-world.com\/wp-content\/uploads\/2023\/11\/5_Folleto_QAIFEC_c.pdf\">QAIFEC<\/a> cumpliendo con su compromiso de mejorar su puntuaci\u00f3n para este 2024,<span class=\"Apple-converted-space\">\u00a0<\/span><\/p>\n<p>Tras recibir el Informe de Auditor\u00eda SEGUIMIENTO 1 (AS1) seg\u00fan el\u00a0REFERENCIAL QUALETIC-AIFEC para\u00a0NAVARRA DE ETIQUETAJES SL, felicitamos a nuestra empresa por su nuevo logro.<\/p>\n<p>De esta forma, NDE contin\u00faa posicion\u00e1ndose entre las primeras empresas de la pen\u00ednsula en obtener dicho certificado que punt\u00faa la calidad, innovaci\u00f3n, legislaci\u00f3n y gesti\u00f3n empresarial<\/p>\n<p>La auditora de Oca Global, Victoria Araujo ha felicitado a la empresa por su buen hacer: \u201cEl resultado ha sido muy bueno y se ha incrementado respecto al a\u00f1o pasado:\u00a0<b>67 PUNTOS<\/b>,<b> sobre 71<\/b><b>. <\/b>\u00a1Enhorabuena a todo el equipo de NDE!\u201d.<\/p>\n<p>Por su parte, Laura Gar\u00edn, Responsable del Dept. QESHIde NDE, comenta: \u201cEstamos muy contentos ya que nos comprometimos a superarnos y lo hemos logrado. Todo lo que sea mejorar en calidad es vital para la empresa y para el Grupo\u201d.<\/p>\n<p><a href=\"https:\/\/docu-world.com\/wp-content\/uploads\/2023\/11\/5_Folleto_QAIFEC_c.pdf\">QAIFEC<\/a> es el Sello de Referencia en Calidad y Excelencia dentro de los fabricantes de Etiquetas y certifica el compromiso de la empresa con los requisitos establecidos en el reglamento normativo del referencial que es verificado y confirmado mediante una auditor\u00eda de una empresa de certificaci\u00f3n independiente mediante un plan de progreso plurianual.<\/p>\n<p>Los objetivos de AIFEC con este sello son:<\/p>\n<ul>\n<li>Apoyar a los Asociados en un proceso de mejora continua.<\/li>\n<li>Promover y promocionar que desean destacar su profesionalidad y saber hacer.<\/li>\n<li>Promocionar y poner en pr\u00e1ctica el respeto de los valores comunes de AIFEC.<\/li>\n<\/ul>\n<p>Los beneficios y ventajas de esta certificaci\u00f3n son:<\/p>\n<ul>\n<li>Dar respuesta a las preocupaciones del sector de etiquetas en continuo.<\/li>\n<li>La certificaci\u00f3n es una garant\u00eda de calidad para el consumidor.<\/li>\n<li>Es un valor a\u00f1adido para los productos que la ostentan.<\/li>\n<li>Dar respuesta a las inquietudes de los consumidores de la Uni\u00f3n Europea, por la alta valoraci\u00f3n de los productos amparados por alg\u00fan tipo de label de calidad y su disposici\u00f3n a una mayor valoraci\u00f3n econ\u00f3mica.<\/li>\n<li>Valios\u00edsima herramienta de cara al marketing y a la comercializaci\u00f3n de los productos amparados por la Marca.<\/li>\n<li>Facilita la mejora de la posici\u00f3n competitiva y las estrategias de mercado de las PYMES.<\/li>\n<\/ul>\n<p><img decoding=\"async\" class=\"size-full wp-image-19774 aligncenter\" src=\"https:\/\/docu-world.com\/wp-content\/uploads\/2024\/09\/image011.jpg\" alt=\"\" width=\"613\" height=\"613\" srcset=\"https:\/\/docu-world.com\/wp-content\/uploads\/2024\/09\/image011-66x66.jpg 66w, https:\/\/docu-world.com\/wp-content\/uploads\/2024\/09\/image011-150x150.jpg 150w, https:\/\/docu-world.com\/wp-content\/uploads\/2024\/09\/image011-200x200.jpg 200w, https:\/\/docu-world.com\/wp-content\/uploads\/2024\/09\/image011-300x300.jpg 300w, https:\/\/docu-world.com\/wp-content\/uploads\/2024\/09\/image011-400x400.jpg 400w, https:\/\/docu-world.com\/wp-content\/uploads\/2024\/09\/image011-600x600.jpg 600w, https:\/\/docu-world.com\/wp-content\/uploads\/2024\/09\/image011.jpg 613w\" sizes=\"(max-width: 613px) 100vw, 613px\" \/><\/p>\n","protected":false},"excerpt":{"rendered":"<p>NDE, Navarra de Etiquetajes es reconocida por 2\u00ba a\u00f1o consecutivo<\/p>\n","protected":false},"author":1,"featured_media":19770,"comment_status":"closed","ping_status":"open","sticky":false,"template":"","format":"standard","meta":{"footnotes":""},"categories":[99,1],"tags":[61,132],"class_list":["post-19769","post","type-post","status-publish","format-standard","has-post-thumbnail","hentry","category-etiquetas-de-navarra","category-sin-categoria","tag-docu-world","tag-navarra-de-etiquetajes"],"yoast_head":"<!-- This site is optimized with the Yoast SEO plugin v27.1.1 - https:\/\/yoast.com\/product\/yoast-seo-wordpress\/ -->\n<title>NAVARRA DE ETIQUETAJES LOGRA DE NUEVO LA QAIFEC PARA ESTE 2024 - Docuworld<\/title>\n<meta name=\"robots\" content=\"index, follow, max-snippet:-1, max-image-preview:large, max-video-preview:-1\" \/>\n<link rel=\"canonical\" href=\"https:\/\/docu-world.com\/navarra-de-etiquetajes-logra-de-nuevo-la-qaifec-para-este-2024\/\" \/>\n<meta property=\"og:locale\" content=\"en_US\" \/>\n<meta property=\"og:type\" content=\"article\" \/>\n<meta property=\"og:title\" content=\"NAVARRA DE ETIQUETAJES LOGRA DE NUEVO LA QAIFEC PARA ESTE 2024 - Docuworld\" \/>\n<meta property=\"og:description\" content=\"NDE, Navarra de Etiquetajes es reconocida por 2\u00ba a\u00f1o consecutivo\" \/>\n<meta property=\"og:url\" content=\"https:\/\/docu-world.com\/navarra-de-etiquetajes-logra-de-nuevo-la-qaifec-para-este-2024\/\" \/>\n<meta property=\"og:site_name\" content=\"Docuworld\" \/>\n<meta property=\"article:published_time\" content=\"2024-09-12T06:56:46+00:00\" \/>\n<meta property=\"article:modified_time\" content=\"2024-09-12T07:10:23+00:00\" \/>\n<meta property=\"og:image\" content=\"https:\/\/docu-world.com\/wp-content\/uploads\/2024\/09\/NDE-QAIFEC.jpg\" \/>\n\t<meta property=\"og:image:width\" content=\"1146\" \/>\n\t<meta property=\"og:image:height\" content=\"343\" \/>\n\t<meta property=\"og:image:type\" content=\"image\/jpeg\" \/>\n<meta name=\"author\" content=\"admin132\" \/>\n<meta name=\"twitter:card\" content=\"summary_large_image\" \/>\n<meta name=\"twitter:label1\" content=\"Written by\" \/>\n\t<meta name=\"twitter:data1\" content=\"admin132\" \/>\n\t<meta name=\"twitter:label2\" content=\"Est. reading time\" \/>\n\t<meta name=\"twitter:data2\" content=\"2 minutes\" \/>\n<script type=\"application\/ld+json\" class=\"yoast-schema-graph\">{\"@context\":\"https:\/\/schema.org\",\"@graph\":[{\"@type\":\"Article\",\"@id\":\"https:\/\/docu-world.com\/navarra-de-etiquetajes-logra-de-nuevo-la-qaifec-para-este-2024\/#article\",\"isPartOf\":{\"@id\":\"https:\/\/docu-world.com\/navarra-de-etiquetajes-logra-de-nuevo-la-qaifec-para-este-2024\/\"},\"author\":{\"name\":\"admin132\",\"@id\":\"https:\/\/docu-world.com\/#\/schema\/person\/99f14958bd4992f16e625f72e59bbf30\"},\"headline\":\"NAVARRA DE ETIQUETAJES LOGRA DE NUEVO LA QAIFEC PARA ESTE 2024\",\"datePublished\":\"2024-09-12T06:56:46+00:00\",\"dateModified\":\"2024-09-12T07:10:23+00:00\",\"mainEntityOfPage\":{\"@id\":\"https:\/\/docu-world.com\/navarra-de-etiquetajes-logra-de-nuevo-la-qaifec-para-este-2024\/\"},\"wordCount\":393,\"image\":{\"@id\":\"https:\/\/docu-world.com\/navarra-de-etiquetajes-logra-de-nuevo-la-qaifec-para-este-2024\/#primaryimage\"},\"thumbnailUrl\":\"https:\/\/docu-world.com\/wp-content\/uploads\/2024\/09\/NDE-QAIFEC.jpg\",\"keywords\":[\"Docu-World\",\"Navarra de etiquetajes\"],\"articleSection\":[\"Navarra de Etiquetajes\",\"Sin categor\u00eda\"],\"inLanguage\":\"en-US\"},{\"@type\":\"WebPage\",\"@id\":\"https:\/\/docu-world.com\/navarra-de-etiquetajes-logra-de-nuevo-la-qaifec-para-este-2024\/\",\"url\":\"https:\/\/docu-world.com\/navarra-de-etiquetajes-logra-de-nuevo-la-qaifec-para-este-2024\/\",\"name\":\"NAVARRA DE ETIQUETAJES LOGRA DE NUEVO LA QAIFEC PARA ESTE 2024 - Docuworld\",\"isPartOf\":{\"@id\":\"https:\/\/docu-world.com\/#website\"},\"primaryImageOfPage\":{\"@id\":\"https:\/\/docu-world.com\/navarra-de-etiquetajes-logra-de-nuevo-la-qaifec-para-este-2024\/#primaryimage\"},\"image\":{\"@id\":\"https:\/\/docu-world.com\/navarra-de-etiquetajes-logra-de-nuevo-la-qaifec-para-este-2024\/#primaryimage\"},\"thumbnailUrl\":\"https:\/\/docu-world.com\/wp-content\/uploads\/2024\/09\/NDE-QAIFEC.jpg\",\"datePublished\":\"2024-09-12T06:56:46+00:00\",\"dateModified\":\"2024-09-12T07:10:23+00:00\",\"author\":{\"@id\":\"https:\/\/docu-world.com\/#\/schema\/person\/99f14958bd4992f16e625f72e59bbf30\"},\"breadcrumb\":{\"@id\":\"https:\/\/docu-world.com\/navarra-de-etiquetajes-logra-de-nuevo-la-qaifec-para-este-2024\/#breadcrumb\"},\"inLanguage\":\"en-US\",\"potentialAction\":[{\"@type\":\"ReadAction\",\"target\":[\"https:\/\/docu-world.com\/navarra-de-etiquetajes-logra-de-nuevo-la-qaifec-para-este-2024\/\"]}]},{\"@type\":\"ImageObject\",\"inLanguage\":\"en-US\",\"@id\":\"https:\/\/docu-world.com\/navarra-de-etiquetajes-logra-de-nuevo-la-qaifec-para-este-2024\/#primaryimage\",\"url\":\"https:\/\/docu-world.com\/wp-content\/uploads\/2024\/09\/NDE-QAIFEC.jpg\",\"contentUrl\":\"https:\/\/docu-world.com\/wp-content\/uploads\/2024\/09\/NDE-QAIFEC.jpg\",\"width\":1146,\"height\":343},{\"@type\":\"BreadcrumbList\",\"@id\":\"https:\/\/docu-world.com\/navarra-de-etiquetajes-logra-de-nuevo-la-qaifec-para-este-2024\/#breadcrumb\",\"itemListElement\":[{\"@type\":\"ListItem\",\"position\":1,\"name\":\"Portada\",\"item\":\"https:\/\/docu-world.com\/en\/\"},{\"@type\":\"ListItem\",\"position\":2,\"name\":\"NAVARRA DE ETIQUETAJES LOGRA DE NUEVO LA QAIFEC PARA ESTE 2024\"}]},{\"@type\":\"WebSite\",\"@id\":\"https:\/\/docu-world.com\/#website\",\"url\":\"https:\/\/docu-world.com\/\",\"name\":\"Docuworld\",\"description\":\"Comunicaci\u00f3n e imagen en continuo crecimiento\",\"potentialAction\":[{\"@type\":\"SearchAction\",\"target\":{\"@type\":\"EntryPoint\",\"urlTemplate\":\"https:\/\/docu-world.com\/?s={search_term_string}\"},\"query-input\":{\"@type\":\"PropertyValueSpecification\",\"valueRequired\":true,\"valueName\":\"search_term_string\"}}],\"inLanguage\":\"en-US\"},{\"@type\":\"Person\",\"@id\":\"https:\/\/docu-world.com\/#\/schema\/person\/99f14958bd4992f16e625f72e59bbf30\",\"name\":\"admin132\",\"image\":{\"@type\":\"ImageObject\",\"inLanguage\":\"en-US\",\"@id\":\"https:\/\/docu-world.com\/#\/schema\/person\/image\/\",\"url\":\"https:\/\/secure.gravatar.com\/avatar\/dfe4e9c6f221995ae829db669bdbc165bc2b0182560d3f3fd6c1195fc11a6fd4?s=96&d=mm&r=g\",\"contentUrl\":\"https:\/\/secure.gravatar.com\/avatar\/dfe4e9c6f221995ae829db669bdbc165bc2b0182560d3f3fd6c1195fc11a6fd4?s=96&d=mm&r=g\",\"caption\":\"admin132\"},\"url\":\"https:\/\/docu-world.com\/en\/author\/admin132\/\"}]}<\/script>\n<!-- \/ Yoast SEO plugin. -->","yoast_head_json":{"title":"NAVARRA DE ETIQUETAJES LOGRA DE NUEVO LA QAIFEC PARA ESTE 2024 - Docuworld","robots":{"index":"index","follow":"follow","max-snippet":"max-snippet:-1","max-image-preview":"max-image-preview:large","max-video-preview":"max-video-preview:-1"},"canonical":"https:\/\/docu-world.com\/navarra-de-etiquetajes-logra-de-nuevo-la-qaifec-para-este-2024\/","og_locale":"en_US","og_type":"article","og_title":"NAVARRA DE ETIQUETAJES LOGRA DE NUEVO LA QAIFEC PARA ESTE 2024 - Docuworld","og_description":"NDE, Navarra de Etiquetajes es reconocida por 2\u00ba a\u00f1o consecutivo","og_url":"https:\/\/docu-world.com\/navarra-de-etiquetajes-logra-de-nuevo-la-qaifec-para-este-2024\/","og_site_name":"Docuworld","article_published_time":"2024-09-12T06:56:46+00:00","article_modified_time":"2024-09-12T07:10:23+00:00","og_image":[{"width":1146,"height":343,"url":"https:\/\/docu-world.com\/wp-content\/uploads\/2024\/09\/NDE-QAIFEC.jpg","type":"image\/jpeg"}],"author":"admin132","twitter_card":"summary_large_image","twitter_misc":{"Written by":"admin132","Est. reading time":"2 minutes"},"schema":{"@context":"https:\/\/schema.org","@graph":[{"@type":"Article","@id":"https:\/\/docu-world.com\/navarra-de-etiquetajes-logra-de-nuevo-la-qaifec-para-este-2024\/#article","isPartOf":{"@id":"https:\/\/docu-world.com\/navarra-de-etiquetajes-logra-de-nuevo-la-qaifec-para-este-2024\/"},"author":{"name":"admin132","@id":"https:\/\/docu-world.com\/#\/schema\/person\/99f14958bd4992f16e625f72e59bbf30"},"headline":"NAVARRA DE ETIQUETAJES LOGRA DE NUEVO LA QAIFEC PARA ESTE 2024","datePublished":"2024-09-12T06:56:46+00:00","dateModified":"2024-09-12T07:10:23+00:00","mainEntityOfPage":{"@id":"https:\/\/docu-world.com\/navarra-de-etiquetajes-logra-de-nuevo-la-qaifec-para-este-2024\/"},"wordCount":393,"image":{"@id":"https:\/\/docu-world.com\/navarra-de-etiquetajes-logra-de-nuevo-la-qaifec-para-este-2024\/#primaryimage"},"thumbnailUrl":"https:\/\/docu-world.com\/wp-content\/uploads\/2024\/09\/NDE-QAIFEC.jpg","keywords":["Docu-World","Navarra de etiquetajes"],"articleSection":["Navarra de Etiquetajes","Sin categor\u00eda"],"inLanguage":"en-US"},{"@type":"WebPage","@id":"https:\/\/docu-world.com\/navarra-de-etiquetajes-logra-de-nuevo-la-qaifec-para-este-2024\/","url":"https:\/\/docu-world.com\/navarra-de-etiquetajes-logra-de-nuevo-la-qaifec-para-este-2024\/","name":"NAVARRA DE ETIQUETAJES LOGRA DE NUEVO LA QAIFEC PARA ESTE 2024 - Docuworld","isPartOf":{"@id":"https:\/\/docu-world.com\/#website"},"primaryImageOfPage":{"@id":"https:\/\/docu-world.com\/navarra-de-etiquetajes-logra-de-nuevo-la-qaifec-para-este-2024\/#primaryimage"},"image":{"@id":"https:\/\/docu-world.com\/navarra-de-etiquetajes-logra-de-nuevo-la-qaifec-para-este-2024\/#primaryimage"},"thumbnailUrl":"https:\/\/docu-world.com\/wp-content\/uploads\/2024\/09\/NDE-QAIFEC.jpg","datePublished":"2024-09-12T06:56:46+00:00","dateModified":"2024-09-12T07:10:23+00:00","author":{"@id":"https:\/\/docu-world.com\/#\/schema\/person\/99f14958bd4992f16e625f72e59bbf30"},"breadcrumb":{"@id":"https:\/\/docu-world.com\/navarra-de-etiquetajes-logra-de-nuevo-la-qaifec-para-este-2024\/#breadcrumb"},"inLanguage":"en-US","potentialAction":[{"@type":"ReadAction","target":["https:\/\/docu-world.com\/navarra-de-etiquetajes-logra-de-nuevo-la-qaifec-para-este-2024\/"]}]},{"@type":"ImageObject","inLanguage":"en-US","@id":"https:\/\/docu-world.com\/navarra-de-etiquetajes-logra-de-nuevo-la-qaifec-para-este-2024\/#primaryimage","url":"https:\/\/docu-world.com\/wp-content\/uploads\/2024\/09\/NDE-QAIFEC.jpg","contentUrl":"https:\/\/docu-world.com\/wp-content\/uploads\/2024\/09\/NDE-QAIFEC.jpg","width":1146,"height":343},{"@type":"BreadcrumbList","@id":"https:\/\/docu-world.com\/navarra-de-etiquetajes-logra-de-nuevo-la-qaifec-para-este-2024\/#breadcrumb","itemListElement":[{"@type":"ListItem","position":1,"name":"Portada","item":"https:\/\/docu-world.com\/en\/"},{"@type":"ListItem","position":2,"name":"NAVARRA DE ETIQUETAJES LOGRA DE NUEVO LA QAIFEC PARA ESTE 2024"}]},{"@type":"WebSite","@id":"https:\/\/docu-world.com\/#website","url":"https:\/\/docu-world.com\/","name":"Docuworld","description":"Comunicaci\u00f3n e imagen en continuo crecimiento","potentialAction":[{"@type":"SearchAction","target":{"@type":"EntryPoint","urlTemplate":"https:\/\/docu-world.com\/?s={search_term_string}"},"query-input":{"@type":"PropertyValueSpecification","valueRequired":true,"valueName":"search_term_string"}}],"inLanguage":"en-US"},{"@type":"Person","@id":"https:\/\/docu-world.com\/#\/schema\/person\/99f14958bd4992f16e625f72e59bbf30","name":"admin132","image":{"@type":"ImageObject","inLanguage":"en-US","@id":"https:\/\/docu-world.com\/#\/schema\/person\/image\/","url":"https:\/\/secure.gravatar.com\/avatar\/dfe4e9c6f221995ae829db669bdbc165bc2b0182560d3f3fd6c1195fc11a6fd4?s=96&d=mm&r=g","contentUrl":"https:\/\/secure.gravatar.com\/avatar\/dfe4e9c6f221995ae829db669bdbc165bc2b0182560d3f3fd6c1195fc11a6fd4?s=96&d=mm&r=g","caption":"admin132"},"url":"https:\/\/docu-world.com\/en\/author\/admin132\/"}]}},"_links":{"self":[{"href":"https:\/\/docu-world.com\/en\/wp-json\/wp\/v2\/posts\/19769","targetHints":{"allow":["GET"]}}],"collection":[{"href":"https:\/\/docu-world.com\/en\/wp-json\/wp\/v2\/posts"}],"about":[{"href":"https:\/\/docu-world.com\/en\/wp-json\/wp\/v2\/types\/post"}],"author":[{"embeddable":true,"href":"https:\/\/docu-world.com\/en\/wp-json\/wp\/v2\/users\/1"}],"replies":[{"embeddable":true,"href":"https:\/\/docu-world.com\/en\/wp-json\/wp\/v2\/comments?post=19769"}],"version-history":[{"count":2,"href":"https:\/\/docu-world.com\/en\/wp-json\/wp\/v2\/posts\/19769\/revisions"}],"predecessor-version":[{"id":19777,"href":"https:\/\/docu-world.com\/en\/wp-json\/wp\/v2\/posts\/19769\/revisions\/19777"}],"wp:featuredmedia":[{"embeddable":true,"href":"https:\/\/docu-world.com\/en\/wp-json\/wp\/v2\/media\/19770"}],"wp:attachment":[{"href":"https:\/\/docu-world.com\/en\/wp-json\/wp\/v2\/media?parent=19769"}],"wp:term":[{"taxonomy":"category","embeddable":true,"href":"https:\/\/docu-world.com\/en\/wp-json\/wp\/v2\/categories?post=19769"},{"taxonomy":"post_tag","embeddable":true,"href":"https:\/\/docu-world.com\/en\/wp-json\/wp\/v2\/tags?post=19769"}],"curies":[{"name":"wp","href":"https:\/\/api.w.org\/{rel}","templated":true}]}}