{"id":1921,"date":"2018-05-18T12:19:14","date_gmt":"2018-05-18T12:19:14","guid":{"rendered":"http:\/\/docu-world.com\/?p=1921"},"modified":"2020-03-18T21:16:53","modified_gmt":"2020-03-18T21:16:53","slug":"xx-congreso-anfec-oporto","status":"publish","type":"post","link":"https:\/\/docu-world.com\/en\/xx-congreso-anfec-oporto\/","title":{"rendered":"XX Congreso de ANFEC en Oporto"},"content":{"rendered":"<p><img decoding=\"async\" class=\"aligncenter wp-image-1922 size-full\" src=\"http:\/\/docu-world.com\/wp-content\/uploads\/2018\/05\/XX-cogreso-Anfec.jpg\" alt=\"XX cogreso Anfec Oporto\" width=\"683\" height=\"267\" srcset=\"https:\/\/docu-world.com\/wp-content\/uploads\/2018\/05\/XX-cogreso-Anfec-300x117.jpg 300w, https:\/\/docu-world.com\/wp-content\/uploads\/2018\/05\/XX-cogreso-Anfec.jpg 683w\" sizes=\"(max-width: 683px) 100vw, 683px\" \/><\/p>\n<p>La semana pasada participamos en el <strong>XX Congreso de<a href=\"http:\/\/anfec.com\" target=\"_blank\" rel=\"noopener noreferrer\"> ANFEC<\/a><\/strong> <b><a href=\"http:\/\/anfec.com\" target=\"_blank\" rel=\"noopener noreferrer\">Asociaci\u00f3n Nacional de Fabricantes de Etiquetas en Continuo<\/a>, <\/b>celebrado en Oporto,<\/p>\n<p>En representaci\u00f3n de las diferentes empresas del Grupo Docu-World, acudieron al congreso representantes de nuestras empresas de etiquetas, <a href=\"http:\/\/www.etiquetasnde.com\/\" target=\"_blank\" rel=\"noopener noreferrer\">Navarra de Etiquetajes<\/a>, <a href=\"http:\/\/etiquetasrever.com\/\" target=\"_blank\" rel=\"noopener noreferrer\">Rever <\/a>y <a href=\"http:\/\/formsystem.net\/\" target=\"_blank\" rel=\"noopener noreferrer\">FormSystem<\/a>. Adem\u00e1s de nuestro presidente Jose Ram\u00f3n Benito, que actualmente es tambi\u00e9n presidente de ANFEC.<\/p>\n<blockquote><p><strong>\u201cANFEC tiene que ser un faro que nos marque el camino con sus mensajes; y uno es la importancia de la industria 4.0\u201d. Jos\u00e9 Ram\u00f3n Benito en la apertura del congreso. <\/strong><\/p><\/blockquote>\n<p>El hilo conductor del congreso fue sin duda la transformaci\u00f3n de la industria hacia la impresi\u00f3n digital y la industria 4.0, con sus retos y beneficios, pero sobretodo como una gran oportunidad de aportar valor a la industria gr\u00e1fica.<\/p>\n<p>Hubo intervenciones muy interesantes sobre temas t\u00e9cnicos, sobre eficiencia y productividad as\u00ed como la formaci\u00f3n que permite que nuestras empresas puedan puedan seguir alcanzando nuevos retos.<\/p>\n<p>Prueba del compromiso del grupo Docu-World con la excelencia y el continuo desarrollo de nuestro modelo de negocio son las recientes adquisiciones de maquinaria digital de \u00faltima generaci\u00f3n as\u00ed como la implantaci\u00f3n del sistema <em>lean manufacturing<\/em> en nuestras empresas.<br \/>\n<img decoding=\"async\" class=\"aligncenter wp-image-1923 size-full\" src=\"http:\/\/docu-world.com\/wp-content\/uploads\/2018\/05\/XX-cogreso-Anfec-grupo-Docu-World-Oporto.jpg\" alt=\"XX cogreso Anfec grupo Docu-World Oporto\" width=\"1176\" height=\"617\" srcset=\"https:\/\/docu-world.com\/wp-content\/uploads\/2018\/05\/XX-cogreso-Anfec-grupo-Docu-World-Oporto-300x157.jpg 300w, https:\/\/docu-world.com\/wp-content\/uploads\/2018\/05\/XX-cogreso-Anfec-grupo-Docu-World-Oporto-768x403.jpg 768w, https:\/\/docu-world.com\/wp-content\/uploads\/2018\/05\/XX-cogreso-Anfec-grupo-Docu-World-Oporto-1024x537.jpg 1024w, https:\/\/docu-world.com\/wp-content\/uploads\/2018\/05\/XX-cogreso-Anfec-grupo-Docu-World-Oporto.jpg 1176w\" sizes=\"(max-width: 1176px) 100vw, 1176px\" \/><em>En la imagen: Eustaquio Mart\u00edn de <a href=\"http:\/\/formsystem.net\/\" target=\"_blank\" rel=\"noopener noreferrer\">FormSystem<\/a>, <span class=\"il\">Ricardo<\/span> Gonz\u00e1lez de <a href=\"http:\/\/www.etiquetasnde.com\/\" target=\"_blank\" rel=\"noopener noreferrer\">Navarra de Etiquetajes<\/a>, Yolanda P\u00e9rez y Juanjo Mart\u00edn de <a href=\"http:\/\/etiquetasrever.com\/\" target=\"_blank\" rel=\"noopener noreferrer\">Rever <\/a>en las Bodegas Real Companhia de VELHA.<\/em><\/p>\n<p>&nbsp;<\/p>\n<p><img decoding=\"async\" class=\"aligncenter wp-image-1924 size-full\" src=\"http:\/\/docu-world.com\/wp-content\/uploads\/2018\/05\/XX-congreso-Anfec-oporto.jpg\" alt=\"XX congreso Anfec oporto\" width=\"960\" height=\"640\" srcset=\"https:\/\/docu-world.com\/wp-content\/uploads\/2018\/05\/XX-congreso-Anfec-oporto-300x200.jpg 300w, https:\/\/docu-world.com\/wp-content\/uploads\/2018\/05\/XX-congreso-Anfec-oporto-768x512.jpg 768w, https:\/\/docu-world.com\/wp-content\/uploads\/2018\/05\/XX-congreso-Anfec-oporto.jpg 960w\" sizes=\"(max-width: 960px) 100vw, 960px\" \/><\/p>\n<p><em>En la imagen: Varios miembros de ANFEC junto con Jos\u00e9 Ram\u00f3n Benito, Presidente de ANFEC y del grupo Docu-World (en el centro).<\/em><\/p>\n","protected":false},"excerpt":{"rendered":"<p>La semana pasada participamos en el XX Congreso de ANFEC<\/p>\n","protected":false},"author":1,"featured_media":1923,"comment_status":"open","ping_status":"open","sticky":false,"template":"","format":"standard","meta":{"footnotes":""},"categories":[60,1],"tags":[133,62,101,143,65,55,132,137],"class_list":["post-1921","post","type-post","status-publish","format-standard","has-post-thumbnail","hentry","category-docuworld","category-sin-categoria","tag-anfec","tag-docuworld","tag-etiquetas","tag-formsystem","tag-grupo-docu-world","tag-grupo-docuworld","tag-navarra-de-etiquetajes","tag-rever"],"yoast_head":"<!-- This site is optimized with the Yoast SEO plugin v27.1.1 - https:\/\/yoast.com\/product\/yoast-seo-wordpress\/ -->\n<title>XX Congreso de ANFEC en Oporto - Docuworld<\/title>\n<meta name=\"robots\" content=\"index, follow, max-snippet:-1, max-image-preview:large, max-video-preview:-1\" \/>\n<link rel=\"canonical\" href=\"https:\/\/docu-world.com\/xx-congreso-anfec-oporto\/\" \/>\n<meta property=\"og:locale\" content=\"en_US\" \/>\n<meta property=\"og:type\" content=\"article\" \/>\n<meta property=\"og:title\" content=\"XX Congreso de ANFEC en Oporto - Docuworld\" \/>\n<meta property=\"og:description\" content=\"La semana pasada participamos en el XX Congreso de ANFEC\" \/>\n<meta property=\"og:url\" content=\"https:\/\/docu-world.com\/xx-congreso-anfec-oporto\/\" \/>\n<meta property=\"og:site_name\" content=\"Docuworld\" \/>\n<meta property=\"article:published_time\" content=\"2018-05-18T12:19:14+00:00\" \/>\n<meta property=\"article:modified_time\" content=\"2020-03-18T21:16:53+00:00\" \/>\n<meta property=\"og:image\" content=\"https:\/\/docu-world.com\/wp-content\/uploads\/2018\/05\/XX-cogreso-Anfec-grupo-Docu-World-Oporto.jpg\" \/>\n\t<meta property=\"og:image:width\" content=\"1176\" \/>\n\t<meta property=\"og:image:height\" content=\"617\" \/>\n\t<meta property=\"og:image:type\" content=\"image\/jpeg\" \/>\n<meta name=\"author\" content=\"admin132\" \/>\n<meta name=\"twitter:card\" content=\"summary_large_image\" \/>\n<meta name=\"twitter:label1\" content=\"Written by\" \/>\n\t<meta name=\"twitter:data1\" content=\"admin132\" \/>\n\t<meta name=\"twitter:label2\" content=\"Est. reading time\" \/>\n\t<meta name=\"twitter:data2\" content=\"1 minute\" \/>\n<script type=\"application\/ld+json\" class=\"yoast-schema-graph\">{\"@context\":\"https:\/\/schema.org\",\"@graph\":[{\"@type\":\"Article\",\"@id\":\"https:\/\/docu-world.com\/xx-congreso-anfec-oporto\/#article\",\"isPartOf\":{\"@id\":\"https:\/\/docu-world.com\/xx-congreso-anfec-oporto\/\"},\"author\":{\"name\":\"admin132\",\"@id\":\"https:\/\/docu-world.com\/#\/schema\/person\/99f14958bd4992f16e625f72e59bbf30\"},\"headline\":\"XX Congreso de ANFEC en Oporto\",\"datePublished\":\"2018-05-18T12:19:14+00:00\",\"dateModified\":\"2020-03-18T21:16:53+00:00\",\"mainEntityOfPage\":{\"@id\":\"https:\/\/docu-world.com\/xx-congreso-anfec-oporto\/\"},\"wordCount\":266,\"commentCount\":0,\"image\":{\"@id\":\"https:\/\/docu-world.com\/xx-congreso-anfec-oporto\/#primaryimage\"},\"thumbnailUrl\":\"https:\/\/docu-world.com\/wp-content\/uploads\/2018\/05\/XX-cogreso-Anfec-grupo-Docu-World-Oporto.jpg\",\"keywords\":[\"anfec\",\"Docuworld\",\"Etiquetas\",\"FormSystem\",\"Grupo Docu World\",\"grupo-docuworld\",\"Navarra de etiquetajes\",\"rever\"],\"articleSection\":[\"Docuworld\",\"Sin categor\u00eda\"],\"inLanguage\":\"en-US\",\"potentialAction\":[{\"@type\":\"CommentAction\",\"name\":\"Comment\",\"target\":[\"https:\/\/docu-world.com\/xx-congreso-anfec-oporto\/#respond\"]}]},{\"@type\":\"WebPage\",\"@id\":\"https:\/\/docu-world.com\/xx-congreso-anfec-oporto\/\",\"url\":\"https:\/\/docu-world.com\/xx-congreso-anfec-oporto\/\",\"name\":\"XX Congreso de ANFEC en Oporto - Docuworld\",\"isPartOf\":{\"@id\":\"https:\/\/docu-world.com\/#website\"},\"primaryImageOfPage\":{\"@id\":\"https:\/\/docu-world.com\/xx-congreso-anfec-oporto\/#primaryimage\"},\"image\":{\"@id\":\"https:\/\/docu-world.com\/xx-congreso-anfec-oporto\/#primaryimage\"},\"thumbnailUrl\":\"https:\/\/docu-world.com\/wp-content\/uploads\/2018\/05\/XX-cogreso-Anfec-grupo-Docu-World-Oporto.jpg\",\"datePublished\":\"2018-05-18T12:19:14+00:00\",\"dateModified\":\"2020-03-18T21:16:53+00:00\",\"author\":{\"@id\":\"https:\/\/docu-world.com\/#\/schema\/person\/99f14958bd4992f16e625f72e59bbf30\"},\"breadcrumb\":{\"@id\":\"https:\/\/docu-world.com\/xx-congreso-anfec-oporto\/#breadcrumb\"},\"inLanguage\":\"en-US\",\"potentialAction\":[{\"@type\":\"ReadAction\",\"target\":[\"https:\/\/docu-world.com\/xx-congreso-anfec-oporto\/\"]}]},{\"@type\":\"ImageObject\",\"inLanguage\":\"en-US\",\"@id\":\"https:\/\/docu-world.com\/xx-congreso-anfec-oporto\/#primaryimage\",\"url\":\"https:\/\/docu-world.com\/wp-content\/uploads\/2018\/05\/XX-cogreso-Anfec-grupo-Docu-World-Oporto.jpg\",\"contentUrl\":\"https:\/\/docu-world.com\/wp-content\/uploads\/2018\/05\/XX-cogreso-Anfec-grupo-Docu-World-Oporto.jpg\",\"width\":1176,\"height\":617},{\"@type\":\"BreadcrumbList\",\"@id\":\"https:\/\/docu-world.com\/xx-congreso-anfec-oporto\/#breadcrumb\",\"itemListElement\":[{\"@type\":\"ListItem\",\"position\":1,\"name\":\"Portada\",\"item\":\"https:\/\/docu-world.com\/en\/\"},{\"@type\":\"ListItem\",\"position\":2,\"name\":\"XX Congreso de ANFEC en Oporto\"}]},{\"@type\":\"WebSite\",\"@id\":\"https:\/\/docu-world.com\/#website\",\"url\":\"https:\/\/docu-world.com\/\",\"name\":\"Docuworld\",\"description\":\"Comunicaci\u00f3n e imagen en continuo crecimiento\",\"potentialAction\":[{\"@type\":\"SearchAction\",\"target\":{\"@type\":\"EntryPoint\",\"urlTemplate\":\"https:\/\/docu-world.com\/?s={search_term_string}\"},\"query-input\":{\"@type\":\"PropertyValueSpecification\",\"valueRequired\":true,\"valueName\":\"search_term_string\"}}],\"inLanguage\":\"en-US\"},{\"@type\":\"Person\",\"@id\":\"https:\/\/docu-world.com\/#\/schema\/person\/99f14958bd4992f16e625f72e59bbf30\",\"name\":\"admin132\",\"image\":{\"@type\":\"ImageObject\",\"inLanguage\":\"en-US\",\"@id\":\"https:\/\/docu-world.com\/#\/schema\/person\/image\/\",\"url\":\"https:\/\/secure.gravatar.com\/avatar\/dfe4e9c6f221995ae829db669bdbc165bc2b0182560d3f3fd6c1195fc11a6fd4?s=96&d=mm&r=g\",\"contentUrl\":\"https:\/\/secure.gravatar.com\/avatar\/dfe4e9c6f221995ae829db669bdbc165bc2b0182560d3f3fd6c1195fc11a6fd4?s=96&d=mm&r=g\",\"caption\":\"admin132\"},\"url\":\"https:\/\/docu-world.com\/en\/author\/admin132\/\"}]}<\/script>\n<!-- \/ Yoast SEO plugin. -->","yoast_head_json":{"title":"XX Congreso de ANFEC en Oporto - Docuworld","robots":{"index":"index","follow":"follow","max-snippet":"max-snippet:-1","max-image-preview":"max-image-preview:large","max-video-preview":"max-video-preview:-1"},"canonical":"https:\/\/docu-world.com\/xx-congreso-anfec-oporto\/","og_locale":"en_US","og_type":"article","og_title":"XX Congreso de ANFEC en Oporto - Docuworld","og_description":"La semana pasada participamos en el XX Congreso de ANFEC","og_url":"https:\/\/docu-world.com\/xx-congreso-anfec-oporto\/","og_site_name":"Docuworld","article_published_time":"2018-05-18T12:19:14+00:00","article_modified_time":"2020-03-18T21:16:53+00:00","og_image":[{"width":1176,"height":617,"url":"https:\/\/docu-world.com\/wp-content\/uploads\/2018\/05\/XX-cogreso-Anfec-grupo-Docu-World-Oporto.jpg","type":"image\/jpeg"}],"author":"admin132","twitter_card":"summary_large_image","twitter_misc":{"Written by":"admin132","Est. reading time":"1 minute"},"schema":{"@context":"https:\/\/schema.org","@graph":[{"@type":"Article","@id":"https:\/\/docu-world.com\/xx-congreso-anfec-oporto\/#article","isPartOf":{"@id":"https:\/\/docu-world.com\/xx-congreso-anfec-oporto\/"},"author":{"name":"admin132","@id":"https:\/\/docu-world.com\/#\/schema\/person\/99f14958bd4992f16e625f72e59bbf30"},"headline":"XX Congreso de ANFEC en Oporto","datePublished":"2018-05-18T12:19:14+00:00","dateModified":"2020-03-18T21:16:53+00:00","mainEntityOfPage":{"@id":"https:\/\/docu-world.com\/xx-congreso-anfec-oporto\/"},"wordCount":266,"commentCount":0,"image":{"@id":"https:\/\/docu-world.com\/xx-congreso-anfec-oporto\/#primaryimage"},"thumbnailUrl":"https:\/\/docu-world.com\/wp-content\/uploads\/2018\/05\/XX-cogreso-Anfec-grupo-Docu-World-Oporto.jpg","keywords":["anfec","Docuworld","Etiquetas","FormSystem","Grupo Docu World","grupo-docuworld","Navarra de etiquetajes","rever"],"articleSection":["Docuworld","Sin categor\u00eda"],"inLanguage":"en-US","potentialAction":[{"@type":"CommentAction","name":"Comment","target":["https:\/\/docu-world.com\/xx-congreso-anfec-oporto\/#respond"]}]},{"@type":"WebPage","@id":"https:\/\/docu-world.com\/xx-congreso-anfec-oporto\/","url":"https:\/\/docu-world.com\/xx-congreso-anfec-oporto\/","name":"XX Congreso de ANFEC en Oporto - Docuworld","isPartOf":{"@id":"https:\/\/docu-world.com\/#website"},"primaryImageOfPage":{"@id":"https:\/\/docu-world.com\/xx-congreso-anfec-oporto\/#primaryimage"},"image":{"@id":"https:\/\/docu-world.com\/xx-congreso-anfec-oporto\/#primaryimage"},"thumbnailUrl":"https:\/\/docu-world.com\/wp-content\/uploads\/2018\/05\/XX-cogreso-Anfec-grupo-Docu-World-Oporto.jpg","datePublished":"2018-05-18T12:19:14+00:00","dateModified":"2020-03-18T21:16:53+00:00","author":{"@id":"https:\/\/docu-world.com\/#\/schema\/person\/99f14958bd4992f16e625f72e59bbf30"},"breadcrumb":{"@id":"https:\/\/docu-world.com\/xx-congreso-anfec-oporto\/#breadcrumb"},"inLanguage":"en-US","potentialAction":[{"@type":"ReadAction","target":["https:\/\/docu-world.com\/xx-congreso-anfec-oporto\/"]}]},{"@type":"ImageObject","inLanguage":"en-US","@id":"https:\/\/docu-world.com\/xx-congreso-anfec-oporto\/#primaryimage","url":"https:\/\/docu-world.com\/wp-content\/uploads\/2018\/05\/XX-cogreso-Anfec-grupo-Docu-World-Oporto.jpg","contentUrl":"https:\/\/docu-world.com\/wp-content\/uploads\/2018\/05\/XX-cogreso-Anfec-grupo-Docu-World-Oporto.jpg","width":1176,"height":617},{"@type":"BreadcrumbList","@id":"https:\/\/docu-world.com\/xx-congreso-anfec-oporto\/#breadcrumb","itemListElement":[{"@type":"ListItem","position":1,"name":"Portada","item":"https:\/\/docu-world.com\/en\/"},{"@type":"ListItem","position":2,"name":"XX Congreso de ANFEC en Oporto"}]},{"@type":"WebSite","@id":"https:\/\/docu-world.com\/#website","url":"https:\/\/docu-world.com\/","name":"Docuworld","description":"Comunicaci\u00f3n e imagen en continuo crecimiento","potentialAction":[{"@type":"SearchAction","target":{"@type":"EntryPoint","urlTemplate":"https:\/\/docu-world.com\/?s={search_term_string}"},"query-input":{"@type":"PropertyValueSpecification","valueRequired":true,"valueName":"search_term_string"}}],"inLanguage":"en-US"},{"@type":"Person","@id":"https:\/\/docu-world.com\/#\/schema\/person\/99f14958bd4992f16e625f72e59bbf30","name":"admin132","image":{"@type":"ImageObject","inLanguage":"en-US","@id":"https:\/\/docu-world.com\/#\/schema\/person\/image\/","url":"https:\/\/secure.gravatar.com\/avatar\/dfe4e9c6f221995ae829db669bdbc165bc2b0182560d3f3fd6c1195fc11a6fd4?s=96&d=mm&r=g","contentUrl":"https:\/\/secure.gravatar.com\/avatar\/dfe4e9c6f221995ae829db669bdbc165bc2b0182560d3f3fd6c1195fc11a6fd4?s=96&d=mm&r=g","caption":"admin132"},"url":"https:\/\/docu-world.com\/en\/author\/admin132\/"}]}},"_links":{"self":[{"href":"https:\/\/docu-world.com\/en\/wp-json\/wp\/v2\/posts\/1921","targetHints":{"allow":["GET"]}}],"collection":[{"href":"https:\/\/docu-world.com\/en\/wp-json\/wp\/v2\/posts"}],"about":[{"href":"https:\/\/docu-world.com\/en\/wp-json\/wp\/v2\/types\/post"}],"author":[{"embeddable":true,"href":"https:\/\/docu-world.com\/en\/wp-json\/wp\/v2\/users\/1"}],"replies":[{"embeddable":true,"href":"https:\/\/docu-world.com\/en\/wp-json\/wp\/v2\/comments?post=1921"}],"version-history":[{"count":5,"href":"https:\/\/docu-world.com\/en\/wp-json\/wp\/v2\/posts\/1921\/revisions"}],"predecessor-version":[{"id":2747,"href":"https:\/\/docu-world.com\/en\/wp-json\/wp\/v2\/posts\/1921\/revisions\/2747"}],"wp:featuredmedia":[{"embeddable":true,"href":"https:\/\/docu-world.com\/en\/wp-json\/wp\/v2\/media\/1923"}],"wp:attachment":[{"href":"https:\/\/docu-world.com\/en\/wp-json\/wp\/v2\/media?parent=1921"}],"wp:term":[{"taxonomy":"category","embeddable":true,"href":"https:\/\/docu-world.com\/en\/wp-json\/wp\/v2\/categories?post=1921"},{"taxonomy":"post_tag","embeddable":true,"href":"https:\/\/docu-world.com\/en\/wp-json\/wp\/v2\/tags?post=1921"}],"curies":[{"name":"wp","href":"https:\/\/api.w.org\/{rel}","templated":true}]}}