{"id":10759,"date":"2022-06-21T08:03:49","date_gmt":"2022-06-21T08:03:49","guid":{"rendered":"https:\/\/docu-world.com\/?p=10759"},"modified":"2022-06-21T09:04:27","modified_gmt":"2022-06-21T09:04:27","slug":"eman-packaging-patrocina-un-ano-mas-el-triatlon-de-donostia","status":"publish","type":"post","link":"https:\/\/docu-world.com\/en\/eman-packaging-patrocina-un-ano-mas-el-triatlon-de-donostia\/","title":{"rendered":"Eman Packaging patrocina un a\u00f1o m\u00e1s el Triatl\u00f3n de Donostia"},"content":{"rendered":"<div class=\"\">\n<div class=\"\">\n<div class=\"\">\n<div class=\"\">\n<div class=\"x_elementToProof\">\n<h2><b class=\"\">Las pruebas ser\u00e1n este fin de semana tras dos a\u00f1os de ausencia por la pandemia<\/b><\/h2>\n<div class=\"\"><\/div>\n<div class=\"\"><b class=\"\">Eman Packaging<\/b><span class=\"x_Apple-converted-space\">\u00a0<\/span>vuelve a patrocinar este 2022, en su retorno despu\u00e9s de dos a\u00f1os sin pruebas deportivas a causa de la pandemia, la<span class=\"x_Apple-converted-space\">\u00a0<\/span><b class=\"\">35\u00aa edici\u00f3n del Memorial Onditz<\/b><span class=\"x_Apple-converted-space\">\u00a0<\/span>y la<span class=\"x_Apple-converted-space\">\u00a0<\/span><b class=\"\">duod\u00e9cima edici\u00f3n del Triatl\u00f3n de la Mujer<\/b>. Ambas pruebas se celebrar\u00e1n este fin de semana y hay unos<span class=\"x_Apple-converted-space\">\u00a0<\/span><b class=\"\">800 deportistas inscritos<\/b>. El Atl\u00e9tico de San Sebasti\u00e1n tiene todo a punto y el ambiente, como se ha dicho este lunes durante la presentaci\u00f3n en el Ayuntamiento, promete ser especialmente intenso por motivos evidentes. Hay mucha ilusi\u00f3n.<\/div>\n<div class=\"\"><\/div>\n<div class=\"\">Junto a Eman Packaging se mantienen fieles en el patrocinio empresas de otros sectores como Eroski, Bed4you, la Federaci\u00f3n de Triatl\u00f3n de Euskadi, Diputaci\u00f3n de Gipuzkoa y Ayuntamiento de San Sebasti\u00e1n. Tambi\u00e9n hay una red de colaboradores para sacar adelante ambas pruebas.<\/div>\n<h2 class=\"\">Triatl\u00f3n de la Mujer<\/h2>\n<div class=\"\">Ser\u00e1 el s\u00e1bado 25 y la prueba contar\u00e1 con 250 participantes.\u00a0<span class=\"\">Desde el Atl\u00e9tico de San Sebasti\u00e1n siempre se incide en que el objetivo del Triatl\u00f3n de la Mujer es<span class=\"x_Apple-converted-space\">\u00a0<\/span><\/span><strong class=\"\">que las aficionadas se lancen a disfrutar de esta prueba m\u00e1s all\u00e1 de marcas.<\/strong><\/div>\n<div class=\"\"><\/div>\n<div class=\"\">La carrera, que comenzar\u00e1 a las 15 horas, tiene un recorrido corto y asequible:\u00a0 300 metros nadando, 8 km en bicicleta y 2 km corriendo, todo sin salir de Donostia.<\/div>\n<div class=\"\"><strong class=\"\">\u00a0<\/strong><\/div>\n<div class=\"\"><strong class=\"\">Nataci\u00f3n<\/strong>: La prueba comenzar\u00e1 a las 15 y la salida estar\u00e1 situada a la altura de los relojes. Ser\u00e1n los pirag\u00fcistas, bien identificados, quienes abran la prueba.<\/div>\n<div class=\"\"><strong class=\"\">\u00a0<\/strong><\/div>\n<div class=\"\"><strong class=\"\">Ciclismo<\/strong>: Tras la salida las deportistas se dirigir\u00e1n por la carretera del Paseo de la Concha hasta el t\u00fanel del Antiguo para atravesar el Antiguo e Igara. En la rotonda de Correos se realizar\u00e1 el giro para iniciar el retorno por el mismo camino.<\/div>\n<div class=\"\"><\/div>\n<div class=\"\"><strong class=\"\">Carrera<\/strong>: Las triatletas se dirigir\u00e1n por la carretera del Paseo de la Concha hasta el t\u00fanel del Antiguo, donde realizar el giro para emprender el camino de vuelta hasta la meta de la plaza Vinuesa.<\/div>\n<h2 class=\"\">Memorial Onditz<\/h2>\n<div class=\"\">Ser\u00e1 este domingo 26 y hay 550 deportistas inscritos.<\/div>\n<div class=\"\"><\/div>\n<div class=\"\">Entre las favoritas destacan Helene Alberdi, campeona de Espa\u00f1a de media distancia este a\u00f1o, y campeonas venidas del extranjero como Jessica Ewart-McTigue, Mikalya Messer y Maddi Marquet. Entre los favoritos figuran Cesc Gody, Austin Carter, Kurt McDonald, Kevin Vi\u00f1uela, Gonzalo Fuentes y Haritz Garate.<\/div>\n<div class=\"\"><\/div>\n<div class=\"\">En esta prueba son<span class=\"x_Apple-converted-space\">\u00a0<\/span><strong class=\"\">1.500 metros de nataci\u00f3n<\/strong>, 38,5 km de ciclismo y 10 kil\u00f3metros de carrera.<\/div>\n<div class=\"\"><\/div>\n<div class=\"\">La salida en<span class=\"x_Apple-converted-space\">\u00a0<\/span><strong class=\"\">nataci\u00f3n<\/strong><span class=\"x_Apple-converted-space\">\u00a0<\/span>estar\u00e1 frente al Atl\u00e9tico San Sebasti\u00e1n. Despu\u00e9s, ya en la<strong class=\"\"><span class=\"x_Apple-converted-space\">\u00a0<\/span>bicicleta<\/strong>, los corredores ir\u00e1n por la calle Zubieta al Paseo de la Concha atravesando el Antiguo, Berio y llegando a Zuatzu. Desde all\u00ed se dirigir\u00e1n a Atotxaerreka y se encaminar\u00e1n hacia Orio, A\u00f1orga, Usurbil y Aginaga. Y desde all\u00ed se emprender\u00e1 el regreso por Igeldo.<\/div>\n<div><\/div>\n<div class=\"\">La<span class=\"x_Apple-converted-space\">\u00a0<\/span><strong class=\"\">carrera<\/strong>, de 10 kil\u00f3metros, partir\u00e1 de nuevo hacia la calle Zubieta, desde ah\u00ed al Antiguo, Real Club de Tenis y retorno repitiendo el trayecto tres veces.<\/div>\n<\/div>\n<\/div>\n<\/div>\n<\/div>\n<\/div>\n","protected":false},"excerpt":{"rendered":"<p>Las pruebas ser\u00e1n este fin de semana tras dos a\u00f1os<\/p>\n","protected":false},"author":1,"featured_media":10762,"comment_status":"open","ping_status":"open","sticky":false,"template":"","format":"standard","meta":{"footnotes":""},"categories":[60,32,1],"tags":[61,63],"class_list":["post-10759","post","type-post","status-publish","format-standard","has-post-thumbnail","hentry","category-docuworld","category-eman","category-sin-categoria","tag-docu-world","tag-eman-packaging"],"yoast_head":"<!-- This site is optimized with the Yoast SEO plugin v27.1.1 - https:\/\/yoast.com\/product\/yoast-seo-wordpress\/ -->\n<title>Eman Packaging patrocina un a\u00f1o m\u00e1s el Triatl\u00f3n de Donostia - Docuworld<\/title>\n<meta name=\"robots\" content=\"index, follow, max-snippet:-1, max-image-preview:large, max-video-preview:-1\" \/>\n<link rel=\"canonical\" href=\"https:\/\/docu-world.com\/eman-packaging-patrocina-un-ano-mas-el-triatlon-de-donostia\/\" \/>\n<meta property=\"og:locale\" content=\"en_US\" \/>\n<meta property=\"og:type\" content=\"article\" \/>\n<meta property=\"og:title\" content=\"Eman Packaging patrocina un a\u00f1o m\u00e1s el Triatl\u00f3n de Donostia - Docuworld\" \/>\n<meta property=\"og:description\" content=\"Las pruebas ser\u00e1n este fin de semana tras dos a\u00f1os\" \/>\n<meta property=\"og:url\" content=\"https:\/\/docu-world.com\/eman-packaging-patrocina-un-ano-mas-el-triatlon-de-donostia\/\" \/>\n<meta property=\"og:site_name\" content=\"Docuworld\" \/>\n<meta property=\"article:published_time\" content=\"2022-06-21T08:03:49+00:00\" \/>\n<meta property=\"article:modified_time\" content=\"2022-06-21T09:04:27+00:00\" \/>\n<meta property=\"og:image\" content=\"https:\/\/docu-world.com\/wp-content\/uploads\/2022\/06\/07-TRIATLON-1024x753.jpg\" \/>\n\t<meta property=\"og:image:width\" content=\"1024\" \/>\n\t<meta property=\"og:image:height\" content=\"753\" \/>\n\t<meta property=\"og:image:type\" content=\"image\/jpeg\" \/>\n<meta name=\"author\" content=\"admin132\" \/>\n<meta name=\"twitter:card\" content=\"summary_large_image\" \/>\n<meta name=\"twitter:label1\" content=\"Written by\" \/>\n\t<meta name=\"twitter:data1\" content=\"admin132\" \/>\n\t<meta name=\"twitter:label2\" content=\"Est. reading time\" \/>\n\t<meta name=\"twitter:data2\" content=\"3 minutes\" \/>\n<script type=\"application\/ld+json\" class=\"yoast-schema-graph\">{\"@context\":\"https:\/\/schema.org\",\"@graph\":[{\"@type\":\"Article\",\"@id\":\"https:\/\/docu-world.com\/eman-packaging-patrocina-un-ano-mas-el-triatlon-de-donostia\/#article\",\"isPartOf\":{\"@id\":\"https:\/\/docu-world.com\/eman-packaging-patrocina-un-ano-mas-el-triatlon-de-donostia\/\"},\"author\":{\"name\":\"admin132\",\"@id\":\"https:\/\/docu-world.com\/#\/schema\/person\/99f14958bd4992f16e625f72e59bbf30\"},\"headline\":\"Eman Packaging patrocina un a\u00f1o m\u00e1s el Triatl\u00f3n de Donostia\",\"datePublished\":\"2022-06-21T08:03:49+00:00\",\"dateModified\":\"2022-06-21T09:04:27+00:00\",\"mainEntityOfPage\":{\"@id\":\"https:\/\/docu-world.com\/eman-packaging-patrocina-un-ano-mas-el-triatlon-de-donostia\/\"},\"wordCount\":527,\"commentCount\":0,\"image\":{\"@id\":\"https:\/\/docu-world.com\/eman-packaging-patrocina-un-ano-mas-el-triatlon-de-donostia\/#primaryimage\"},\"thumbnailUrl\":\"https:\/\/docu-world.com\/wp-content\/uploads\/2022\/06\/07-TRIATLON.jpg\",\"keywords\":[\"Docu-World\",\"Eman Packaging\"],\"articleSection\":[\"Docuworld\",\"Eman Packaging\",\"Sin categor\u00eda\"],\"inLanguage\":\"en-US\",\"potentialAction\":[{\"@type\":\"CommentAction\",\"name\":\"Comment\",\"target\":[\"https:\/\/docu-world.com\/eman-packaging-patrocina-un-ano-mas-el-triatlon-de-donostia\/#respond\"]}]},{\"@type\":\"WebPage\",\"@id\":\"https:\/\/docu-world.com\/eman-packaging-patrocina-un-ano-mas-el-triatlon-de-donostia\/\",\"url\":\"https:\/\/docu-world.com\/eman-packaging-patrocina-un-ano-mas-el-triatlon-de-donostia\/\",\"name\":\"Eman Packaging patrocina un a\u00f1o m\u00e1s el Triatl\u00f3n de Donostia - Docuworld\",\"isPartOf\":{\"@id\":\"https:\/\/docu-world.com\/#website\"},\"primaryImageOfPage\":{\"@id\":\"https:\/\/docu-world.com\/eman-packaging-patrocina-un-ano-mas-el-triatlon-de-donostia\/#primaryimage\"},\"image\":{\"@id\":\"https:\/\/docu-world.com\/eman-packaging-patrocina-un-ano-mas-el-triatlon-de-donostia\/#primaryimage\"},\"thumbnailUrl\":\"https:\/\/docu-world.com\/wp-content\/uploads\/2022\/06\/07-TRIATLON.jpg\",\"datePublished\":\"2022-06-21T08:03:49+00:00\",\"dateModified\":\"2022-06-21T09:04:27+00:00\",\"author\":{\"@id\":\"https:\/\/docu-world.com\/#\/schema\/person\/99f14958bd4992f16e625f72e59bbf30\"},\"breadcrumb\":{\"@id\":\"https:\/\/docu-world.com\/eman-packaging-patrocina-un-ano-mas-el-triatlon-de-donostia\/#breadcrumb\"},\"inLanguage\":\"en-US\",\"potentialAction\":[{\"@type\":\"ReadAction\",\"target\":[\"https:\/\/docu-world.com\/eman-packaging-patrocina-un-ano-mas-el-triatlon-de-donostia\/\"]}]},{\"@type\":\"ImageObject\",\"inLanguage\":\"en-US\",\"@id\":\"https:\/\/docu-world.com\/eman-packaging-patrocina-un-ano-mas-el-triatlon-de-donostia\/#primaryimage\",\"url\":\"https:\/\/docu-world.com\/wp-content\/uploads\/2022\/06\/07-TRIATLON.jpg\",\"contentUrl\":\"https:\/\/docu-world.com\/wp-content\/uploads\/2022\/06\/07-TRIATLON.jpg\",\"width\":1901,\"height\":1397},{\"@type\":\"BreadcrumbList\",\"@id\":\"https:\/\/docu-world.com\/eman-packaging-patrocina-un-ano-mas-el-triatlon-de-donostia\/#breadcrumb\",\"itemListElement\":[{\"@type\":\"ListItem\",\"position\":1,\"name\":\"Portada\",\"item\":\"https:\/\/docu-world.com\/en\/\"},{\"@type\":\"ListItem\",\"position\":2,\"name\":\"Eman Packaging patrocina un a\u00f1o m\u00e1s el Triatl\u00f3n de Donostia\"}]},{\"@type\":\"WebSite\",\"@id\":\"https:\/\/docu-world.com\/#website\",\"url\":\"https:\/\/docu-world.com\/\",\"name\":\"Docuworld\",\"description\":\"Comunicaci\u00f3n e imagen en continuo crecimiento\",\"potentialAction\":[{\"@type\":\"SearchAction\",\"target\":{\"@type\":\"EntryPoint\",\"urlTemplate\":\"https:\/\/docu-world.com\/?s={search_term_string}\"},\"query-input\":{\"@type\":\"PropertyValueSpecification\",\"valueRequired\":true,\"valueName\":\"search_term_string\"}}],\"inLanguage\":\"en-US\"},{\"@type\":\"Person\",\"@id\":\"https:\/\/docu-world.com\/#\/schema\/person\/99f14958bd4992f16e625f72e59bbf30\",\"name\":\"admin132\",\"image\":{\"@type\":\"ImageObject\",\"inLanguage\":\"en-US\",\"@id\":\"https:\/\/docu-world.com\/#\/schema\/person\/image\/\",\"url\":\"https:\/\/secure.gravatar.com\/avatar\/dfe4e9c6f221995ae829db669bdbc165bc2b0182560d3f3fd6c1195fc11a6fd4?s=96&d=mm&r=g\",\"contentUrl\":\"https:\/\/secure.gravatar.com\/avatar\/dfe4e9c6f221995ae829db669bdbc165bc2b0182560d3f3fd6c1195fc11a6fd4?s=96&d=mm&r=g\",\"caption\":\"admin132\"},\"url\":\"https:\/\/docu-world.com\/en\/author\/admin132\/\"}]}<\/script>\n<!-- \/ Yoast SEO plugin. -->","yoast_head_json":{"title":"Eman Packaging patrocina un a\u00f1o m\u00e1s el Triatl\u00f3n de Donostia - Docuworld","robots":{"index":"index","follow":"follow","max-snippet":"max-snippet:-1","max-image-preview":"max-image-preview:large","max-video-preview":"max-video-preview:-1"},"canonical":"https:\/\/docu-world.com\/eman-packaging-patrocina-un-ano-mas-el-triatlon-de-donostia\/","og_locale":"en_US","og_type":"article","og_title":"Eman Packaging patrocina un a\u00f1o m\u00e1s el Triatl\u00f3n de Donostia - Docuworld","og_description":"Las pruebas ser\u00e1n este fin de semana tras dos a\u00f1os","og_url":"https:\/\/docu-world.com\/eman-packaging-patrocina-un-ano-mas-el-triatlon-de-donostia\/","og_site_name":"Docuworld","article_published_time":"2022-06-21T08:03:49+00:00","article_modified_time":"2022-06-21T09:04:27+00:00","og_image":[{"width":1024,"height":753,"url":"https:\/\/docu-world.com\/wp-content\/uploads\/2022\/06\/07-TRIATLON-1024x753.jpg","type":"image\/jpeg"}],"author":"admin132","twitter_card":"summary_large_image","twitter_misc":{"Written by":"admin132","Est. reading time":"3 minutes"},"schema":{"@context":"https:\/\/schema.org","@graph":[{"@type":"Article","@id":"https:\/\/docu-world.com\/eman-packaging-patrocina-un-ano-mas-el-triatlon-de-donostia\/#article","isPartOf":{"@id":"https:\/\/docu-world.com\/eman-packaging-patrocina-un-ano-mas-el-triatlon-de-donostia\/"},"author":{"name":"admin132","@id":"https:\/\/docu-world.com\/#\/schema\/person\/99f14958bd4992f16e625f72e59bbf30"},"headline":"Eman Packaging patrocina un a\u00f1o m\u00e1s el Triatl\u00f3n de Donostia","datePublished":"2022-06-21T08:03:49+00:00","dateModified":"2022-06-21T09:04:27+00:00","mainEntityOfPage":{"@id":"https:\/\/docu-world.com\/eman-packaging-patrocina-un-ano-mas-el-triatlon-de-donostia\/"},"wordCount":527,"commentCount":0,"image":{"@id":"https:\/\/docu-world.com\/eman-packaging-patrocina-un-ano-mas-el-triatlon-de-donostia\/#primaryimage"},"thumbnailUrl":"https:\/\/docu-world.com\/wp-content\/uploads\/2022\/06\/07-TRIATLON.jpg","keywords":["Docu-World","Eman Packaging"],"articleSection":["Docuworld","Eman Packaging","Sin categor\u00eda"],"inLanguage":"en-US","potentialAction":[{"@type":"CommentAction","name":"Comment","target":["https:\/\/docu-world.com\/eman-packaging-patrocina-un-ano-mas-el-triatlon-de-donostia\/#respond"]}]},{"@type":"WebPage","@id":"https:\/\/docu-world.com\/eman-packaging-patrocina-un-ano-mas-el-triatlon-de-donostia\/","url":"https:\/\/docu-world.com\/eman-packaging-patrocina-un-ano-mas-el-triatlon-de-donostia\/","name":"Eman Packaging patrocina un a\u00f1o m\u00e1s el Triatl\u00f3n de Donostia - Docuworld","isPartOf":{"@id":"https:\/\/docu-world.com\/#website"},"primaryImageOfPage":{"@id":"https:\/\/docu-world.com\/eman-packaging-patrocina-un-ano-mas-el-triatlon-de-donostia\/#primaryimage"},"image":{"@id":"https:\/\/docu-world.com\/eman-packaging-patrocina-un-ano-mas-el-triatlon-de-donostia\/#primaryimage"},"thumbnailUrl":"https:\/\/docu-world.com\/wp-content\/uploads\/2022\/06\/07-TRIATLON.jpg","datePublished":"2022-06-21T08:03:49+00:00","dateModified":"2022-06-21T09:04:27+00:00","author":{"@id":"https:\/\/docu-world.com\/#\/schema\/person\/99f14958bd4992f16e625f72e59bbf30"},"breadcrumb":{"@id":"https:\/\/docu-world.com\/eman-packaging-patrocina-un-ano-mas-el-triatlon-de-donostia\/#breadcrumb"},"inLanguage":"en-US","potentialAction":[{"@type":"ReadAction","target":["https:\/\/docu-world.com\/eman-packaging-patrocina-un-ano-mas-el-triatlon-de-donostia\/"]}]},{"@type":"ImageObject","inLanguage":"en-US","@id":"https:\/\/docu-world.com\/eman-packaging-patrocina-un-ano-mas-el-triatlon-de-donostia\/#primaryimage","url":"https:\/\/docu-world.com\/wp-content\/uploads\/2022\/06\/07-TRIATLON.jpg","contentUrl":"https:\/\/docu-world.com\/wp-content\/uploads\/2022\/06\/07-TRIATLON.jpg","width":1901,"height":1397},{"@type":"BreadcrumbList","@id":"https:\/\/docu-world.com\/eman-packaging-patrocina-un-ano-mas-el-triatlon-de-donostia\/#breadcrumb","itemListElement":[{"@type":"ListItem","position":1,"name":"Portada","item":"https:\/\/docu-world.com\/en\/"},{"@type":"ListItem","position":2,"name":"Eman Packaging patrocina un a\u00f1o m\u00e1s el Triatl\u00f3n de Donostia"}]},{"@type":"WebSite","@id":"https:\/\/docu-world.com\/#website","url":"https:\/\/docu-world.com\/","name":"Docuworld","description":"Comunicaci\u00f3n e imagen en continuo crecimiento","potentialAction":[{"@type":"SearchAction","target":{"@type":"EntryPoint","urlTemplate":"https:\/\/docu-world.com\/?s={search_term_string}"},"query-input":{"@type":"PropertyValueSpecification","valueRequired":true,"valueName":"search_term_string"}}],"inLanguage":"en-US"},{"@type":"Person","@id":"https:\/\/docu-world.com\/#\/schema\/person\/99f14958bd4992f16e625f72e59bbf30","name":"admin132","image":{"@type":"ImageObject","inLanguage":"en-US","@id":"https:\/\/docu-world.com\/#\/schema\/person\/image\/","url":"https:\/\/secure.gravatar.com\/avatar\/dfe4e9c6f221995ae829db669bdbc165bc2b0182560d3f3fd6c1195fc11a6fd4?s=96&d=mm&r=g","contentUrl":"https:\/\/secure.gravatar.com\/avatar\/dfe4e9c6f221995ae829db669bdbc165bc2b0182560d3f3fd6c1195fc11a6fd4?s=96&d=mm&r=g","caption":"admin132"},"url":"https:\/\/docu-world.com\/en\/author\/admin132\/"}]}},"_links":{"self":[{"href":"https:\/\/docu-world.com\/en\/wp-json\/wp\/v2\/posts\/10759","targetHints":{"allow":["GET"]}}],"collection":[{"href":"https:\/\/docu-world.com\/en\/wp-json\/wp\/v2\/posts"}],"about":[{"href":"https:\/\/docu-world.com\/en\/wp-json\/wp\/v2\/types\/post"}],"author":[{"embeddable":true,"href":"https:\/\/docu-world.com\/en\/wp-json\/wp\/v2\/users\/1"}],"replies":[{"embeddable":true,"href":"https:\/\/docu-world.com\/en\/wp-json\/wp\/v2\/comments?post=10759"}],"version-history":[{"count":4,"href":"https:\/\/docu-world.com\/en\/wp-json\/wp\/v2\/posts\/10759\/revisions"}],"predecessor-version":[{"id":10766,"href":"https:\/\/docu-world.com\/en\/wp-json\/wp\/v2\/posts\/10759\/revisions\/10766"}],"wp:featuredmedia":[{"embeddable":true,"href":"https:\/\/docu-world.com\/en\/wp-json\/wp\/v2\/media\/10762"}],"wp:attachment":[{"href":"https:\/\/docu-world.com\/en\/wp-json\/wp\/v2\/media?parent=10759"}],"wp:term":[{"taxonomy":"category","embeddable":true,"href":"https:\/\/docu-world.com\/en\/wp-json\/wp\/v2\/categories?post=10759"},{"taxonomy":"post_tag","embeddable":true,"href":"https:\/\/docu-world.com\/en\/wp-json\/wp\/v2\/tags?post=10759"}],"curies":[{"name":"wp","href":"https:\/\/api.w.org\/{rel}","templated":true}]}}